{"id":2013,"date":"2021-05-30T18:37:42","date_gmt":"2021-05-30T21:37:42","guid":{"rendered":"https:\/\/latte.com.br\/?p=2013"},"modified":"2025-08-01T20:30:47","modified_gmt":"2025-08-01T23:30:47","slug":"a-repercussao-internacional-da-latte-design","status":"publish","type":"post","link":"https:\/\/latte.com.br\/es\/a-repercussao-internacional-da-latte-design\/","title":{"rendered":"La repercusi\u00f3n internacional del Latte Design"},"content":{"rendered":"<div data-elementor-type=\"wp-post\" data-elementor-id=\"2013\" class=\"elementor elementor-2013\" data-elementor-post-type=\"post\">\n\t\t\t\t\t\t<section class=\"elementor-section elementor-top-section elementor-element elementor-element-ff5396d elementor-section-boxed elementor-section-height-default elementor-section-height-default\" data-id=\"ff5396d\" data-element_type=\"section\" data-e-type=\"section\">\n\t\t\t\t\t\t<div class=\"elementor-container elementor-column-gap-default\">\n\t\t\t\t\t<div class=\"elementor-column elementor-col-100 elementor-top-column elementor-element elementor-element-0a155cd\" data-id=\"0a155cd\" data-element_type=\"column\" data-e-type=\"column\">\n\t\t\t<div class=\"elementor-widget-wrap elementor-element-populated\">\n\t\t\t\t\t\t<div class=\"elementor-element elementor-element-929702c elementor-widget elementor-widget-text-editor\" data-id=\"929702c\" data-element_type=\"widget\" data-e-type=\"widget\" data-widget_type=\"text-editor.default\">\n\t\t\t\t<div class=\"elementor-widget-container\">\n\t\t\t\t\t\t\t\t\t<p>En nuestra historia, hemos tenido oportunidades realmente interesantes de exhibir y crear proyectos m\u00e1s all\u00e1 de las fronteras brasile\u00f1as. En este post hicimos una recopilaci\u00f3n mostrando un poco m\u00e1s sobre estos desaf\u00edos y las<strong>\u00a0repercusi\u00f3n internacional<\/strong>\u00a0por Dise\u00f1o Latte!<\/p>\t\t\t\t\t\t\t\t<\/div>\n\t\t\t\t<\/div>\n\t\t\t\t<div class=\"elementor-element elementor-element-21b8619 elementor-widget elementor-widget-image\" data-id=\"21b8619\" data-element_type=\"widget\" data-e-type=\"widget\" data-widget_type=\"image.default\">\n\t\t\t\t<div class=\"elementor-widget-container\">\n\t\t\t\t\t\t\t\t\t\t\t\t\t\t\t<img fetchpriority=\"high\" decoding=\"async\" width=\"1000\" height=\"300\" src=\"https:\/\/latte.com.br\/wp-content\/uploads\/2021\/05\/img-internacional-thedieline2.png\" class=\"attachment-full size-full wp-image-2019\" alt=\"\" srcset=\"https:\/\/latte.com.br\/wp-content\/uploads\/2021\/05\/img-internacional-thedieline2.png 1000w, https:\/\/latte.com.br\/wp-content\/uploads\/2021\/05\/img-internacional-thedieline2-300x90.png 300w, https:\/\/latte.com.br\/wp-content\/uploads\/2021\/05\/img-internacional-thedieline2-768x230.png 768w\" sizes=\"(max-width: 1000px) 100vw, 1000px\" title=\"\">\t\t\t\t\t\t\t\t\t\t\t\t\t\t\t<\/div>\n\t\t\t\t<\/div>\n\t\t\t\t<div class=\"elementor-element elementor-element-f18fb8a elementor-widget elementor-widget-text-editor\" data-id=\"f18fb8a\" data-element_type=\"widget\" data-e-type=\"widget\" data-widget_type=\"text-editor.default\">\n\t\t\t\t<div class=\"elementor-widget-container\">\n\t\t\t\t\t\t\t\t\t<p><strong>Estados Unidos 2011 \u2013 The Dieline<\/strong><\/p><p>Creamos un proyecto\u00a0<strong>marca<\/strong>\u00a0en emprendimiento para una marca de helados en Campos do Jord\u00e3o llamada Sorven&#039;up (detalles\u00a0<a href=\"https:\/\/latte.com.br\/es\/pf\/sorvenup\/\">Haga clic aqu\u00ed<\/a>). Lamentablemente el proyecto fue rechazado. Aun as\u00ed, no dejamos de creer en la fuerza y el potencial de lo que proponemos. Enviamos el proyecto a algunos portales y tuvimos la buena noticia de que fue seleccionado en uno de los\u00a0<strong>embalajes<\/strong>\u00a0m\u00e1s reputados en los EE. UU.:\u00a0<a href=\"http:\/\/www.thedieline.com\/blog\/2011\/11\/15\/latte-design-experimental-ice-cream-project.html\" target=\"_blank\" rel=\"noopener\">la dieline<\/a>.<\/p><p>\u00a1Esto termin\u00f3 atrayendo la atenci\u00f3n de todo el mundo! Nos entrevistamos para una agencia de investigaci\u00f3n de mercado en Londres y nuestro proyecto se public\u00f3 en un libro en Hong Kong.<\/p>\t\t\t\t\t\t\t\t<\/div>\n\t\t\t\t<\/div>\n\t\t\t\t<div class=\"elementor-element elementor-element-cb7c874 elementor-widget elementor-widget-image\" data-id=\"cb7c874\" data-element_type=\"widget\" data-e-type=\"widget\" data-widget_type=\"image.default\">\n\t\t\t\t<div class=\"elementor-widget-container\">\n\t\t\t\t\t\t\t\t\t\t\t\t\t\t\t<img decoding=\"async\" width=\"1000\" height=\"300\" src=\"https:\/\/latte.com.br\/wp-content\/uploads\/2021\/05\/img-internacional-livro.png\" class=\"attachment-full size-full wp-image-2021\" alt=\"\" srcset=\"https:\/\/latte.com.br\/wp-content\/uploads\/2021\/05\/img-internacional-livro.png 1000w, https:\/\/latte.com.br\/wp-content\/uploads\/2021\/05\/img-internacional-livro-300x90.png 300w, https:\/\/latte.com.br\/wp-content\/uploads\/2021\/05\/img-internacional-livro-768x230.png 768w\" sizes=\"(max-width: 1000px) 100vw, 1000px\" title=\"\">\t\t\t\t\t\t\t\t\t\t\t\t\t\t\t<\/div>\n\t\t\t\t<\/div>\n\t\t\t\t<div class=\"elementor-element elementor-element-ebbc0c2 elementor-widget elementor-widget-text-editor\" data-id=\"ebbc0c2\" data-element_type=\"widget\" data-e-type=\"widget\" data-widget_type=\"text-editor.default\">\n\t\t\t\t<div class=\"elementor-widget-container\">\n\t\t\t\t\t\t\t\t\t<p><strong>Hong Kong 2012 \u2013 Libro de ilustraciones comerciales<\/strong><\/p><p>Luego de la visibilidad en el portal The Dieline, fuimos invitados a exhibir nuestro trabajo en el libro Commercial Illustration por el International Book Publishing Center en Hong Kong. M\u00e1s all\u00e1 del proyecto\u00a0<strong>Sorven&#039;up<\/strong>, tambi\u00e9n se public\u00f3 el Meme Deck creado para el evento YouPix.<\/p>\t\t\t\t\t\t\t\t<\/div>\n\t\t\t\t<\/div>\n\t\t\t\t<div class=\"elementor-element elementor-element-20bcbb6 elementor-widget elementor-widget-image\" data-id=\"20bcbb6\" data-element_type=\"widget\" data-e-type=\"widget\" data-widget_type=\"image.default\">\n\t\t\t\t<div class=\"elementor-widget-container\">\n\t\t\t\t\t\t\t\t\t\t\t\t\t\t\t<img decoding=\"async\" width=\"1000\" height=\"300\" src=\"https:\/\/latte.com.br\/wp-content\/uploads\/2021\/05\/img-internacional-thermo.png\" class=\"attachment-full size-full wp-image-2020\" alt=\"\" srcset=\"https:\/\/latte.com.br\/wp-content\/uploads\/2021\/05\/img-internacional-thermo.png 1000w, https:\/\/latte.com.br\/wp-content\/uploads\/2021\/05\/img-internacional-thermo-300x90.png 300w, https:\/\/latte.com.br\/wp-content\/uploads\/2021\/05\/img-internacional-thermo-768x230.png 768w\" sizes=\"(max-width: 1000px) 100vw, 1000px\" title=\"\">\t\t\t\t\t\t\t\t\t\t\t\t\t\t\t<\/div>\n\t\t\t\t<\/div>\n\t\t\t\t<div class=\"elementor-element elementor-element-2511f91 elementor-widget elementor-widget-text-editor\" data-id=\"2511f91\" data-element_type=\"widget\" data-e-type=\"widget\" data-widget_type=\"text-editor.default\">\n\t\t\t\t<div class=\"elementor-widget-container\">\n\t\t\t\t\t\t\t\t\t<p><strong>Am\u00e9rica Latina 2015 a 2019 \u2013 Thermo Fisher<\/strong><\/p><p>Servimos\u00a0<strong>Termo Fisher<\/strong>\u00a0desde hace m\u00e1s de 10 a\u00f1os y desde 2015 hemos creado proyectos para sus sucursales en Latinoam\u00e9rica (M\u00e9xico, Chile, Argentina, Colombia, Per\u00fa, Costa Rica, Puerto Rico, Venezuela y Bolivia). Siempre atentos a aplicar y respetar las particularidades de cada pa\u00eds y convertirnos en \u201cguardianes\u201d del\u00a0<strong>marca<\/strong>.<\/p>\t\t\t\t\t\t\t\t<\/div>\n\t\t\t\t<\/div>\n\t\t\t\t<div class=\"elementor-element elementor-element-2c9215d elementor-widget elementor-widget-image\" data-id=\"2c9215d\" data-element_type=\"widget\" data-e-type=\"widget\" data-widget_type=\"image.default\">\n\t\t\t\t<div class=\"elementor-widget-container\">\n\t\t\t\t\t\t\t\t\t\t\t\t\t\t\t<img loading=\"lazy\" decoding=\"async\" width=\"1000\" height=\"300\" src=\"https:\/\/latte.com.br\/wp-content\/uploads\/2021\/05\/img-internacional-pranahands.jpg\" class=\"attachment-full size-full wp-image-2018\" alt=\"\" srcset=\"https:\/\/latte.com.br\/wp-content\/uploads\/2021\/05\/img-internacional-pranahands.jpg 1000w, https:\/\/latte.com.br\/wp-content\/uploads\/2021\/05\/img-internacional-pranahands-300x90.jpg 300w, https:\/\/latte.com.br\/wp-content\/uploads\/2021\/05\/img-internacional-pranahands-768x230.jpg 768w\" sizes=\"(max-width: 1000px) 100vw, 1000px\" title=\"\">\t\t\t\t\t\t\t\t\t\t\t\t\t\t\t<\/div>\n\t\t\t\t<\/div>\n\t\t\t\t<div class=\"elementor-element elementor-element-2fd717f elementor-widget elementor-widget-text-editor\" data-id=\"2fd717f\" data-element_type=\"widget\" data-e-type=\"widget\" data-widget_type=\"text-editor.default\">\n\t\t\t\t<div class=\"elementor-widget-container\">\n\t\t\t\t\t\t\t\t\t<p><strong>Estados Unidos 2016 \u2013 Pranahands<\/strong><\/p><p>La brasile\u00f1a Gabriela Cruz se mud\u00f3 a Estados Unidos y cre\u00f3 un centro de \u201cSanaci\u00f3n Pr\u00e1nica\u201d llamado Pranahands. Esta t\u00e9cnica es un tipo de terapia de Medicina Integrativa, basada en la energ\u00eda, la armon\u00eda y el equilibrio en el cuerpo. Creamos el\u00a0<strong>sitio web institucional<\/strong>\u00a0en 2016 con una interfaz fluida y f\u00e1cil de navegar:\u00a0<a href=\"http:\/\/pranahands.center\/\" target=\"_blank\" rel=\"noopener\">http:\/\/pranahands.center\/<\/a><\/p>\t\t\t\t\t\t\t\t<\/div>\n\t\t\t\t<\/div>\n\t\t\t\t<div class=\"elementor-element elementor-element-8b31809 elementor-widget elementor-widget-image\" data-id=\"8b31809\" data-element_type=\"widget\" data-e-type=\"widget\" data-widget_type=\"image.default\">\n\t\t\t\t<div class=\"elementor-widget-container\">\n\t\t\t\t\t\t\t\t\t\t\t\t\t\t\t<img loading=\"lazy\" decoding=\"async\" width=\"1000\" height=\"300\" src=\"https:\/\/latte.com.br\/wp-content\/uploads\/2021\/05\/img-internacional-gag.jpg\" class=\"attachment-full size-full wp-image-2016\" alt=\"\" srcset=\"https:\/\/latte.com.br\/wp-content\/uploads\/2021\/05\/img-internacional-gag.jpg 1000w, https:\/\/latte.com.br\/wp-content\/uploads\/2021\/05\/img-internacional-gag-300x90.jpg 300w, https:\/\/latte.com.br\/wp-content\/uploads\/2021\/05\/img-internacional-gag-768x230.jpg 768w\" sizes=\"(max-width: 1000px) 100vw, 1000px\" title=\"\">\t\t\t\t\t\t\t\t\t\t\t\t\t\t\t<\/div>\n\t\t\t\t<\/div>\n\t\t\t\t<div class=\"elementor-element elementor-element-ca65715 elementor-widget elementor-widget-text-editor\" data-id=\"ca65715\" data-element_type=\"widget\" data-e-type=\"widget\" data-widget_type=\"text-editor.default\">\n\t\t\t\t<div class=\"elementor-widget-container\">\n\t\t\t\t\t\t\t\t\t<p><strong>Estados Unidos 2016 \u2013 Las chicas preguntan a los chicos<\/strong><\/p><p>Este fue uno de los proyectos m\u00e1s desafiantes que hemos enfrentado en nuestra historia. Consiste en<strong>\u00a0redise\u00f1ar<\/strong>\u00a0de la red social llamada\u00a0<a href=\"https:\/\/www.girlsaskguys.com\/\" target=\"_blank\" rel=\"noopener\">Las chicas preguntan a los chicos<\/a>, un portal de preguntas y respuestas dirigido al p\u00fablico joven. Adem\u00e1s del desaf\u00edo de comprender el comportamiento de sus usuarios (en su mayor\u00eda estadounidenses), tuvimos que repensar toda su navegaci\u00f3n y usabilidad considerando sus diversas formas de comunicaci\u00f3n: preguntas\/respuestas, videos, art\u00edculos, encuestas, categor\u00edas, perfil, chat entre usuarios. , etc.<\/p>\t\t\t\t\t\t\t\t<\/div>\n\t\t\t\t<\/div>\n\t\t\t\t<div class=\"elementor-element elementor-element-fa22ca5 elementor-widget elementor-widget-image\" data-id=\"fa22ca5\" data-element_type=\"widget\" data-e-type=\"widget\" data-widget_type=\"image.default\">\n\t\t\t\t<div class=\"elementor-widget-container\">\n\t\t\t\t\t\t\t\t\t\t\t\t\t\t\t<img loading=\"lazy\" decoding=\"async\" width=\"1000\" height=\"300\" src=\"https:\/\/latte.com.br\/wp-content\/uploads\/2021\/05\/img-internacional-gft.png\" class=\"attachment-full size-full wp-image-2017\" alt=\"\" srcset=\"https:\/\/latte.com.br\/wp-content\/uploads\/2021\/05\/img-internacional-gft.png 1000w, https:\/\/latte.com.br\/wp-content\/uploads\/2021\/05\/img-internacional-gft-300x90.png 300w, https:\/\/latte.com.br\/wp-content\/uploads\/2021\/05\/img-internacional-gft-768x230.png 768w\" sizes=\"(max-width: 1000px) 100vw, 1000px\" title=\"\">\t\t\t\t\t\t\t\t\t\t\t\t\t\t\t<\/div>\n\t\t\t\t<\/div>\n\t\t\t\t<div class=\"elementor-element elementor-element-79da791 elementor-widget elementor-widget-text-editor\" data-id=\"79da791\" data-element_type=\"widget\" data-e-type=\"widget\" data-widget_type=\"text-editor.default\">\n\t\t\t\t<div class=\"elementor-widget-container\">\n\t\t\t\t\t\t\t\t\t<p><strong>Costa Rica 2016 \u2013 GFT<\/strong><\/p><p>Y eso no es todo! Durante un a\u00f1o atendemos a la multinacional TI llamada\u00a0<strong>GFT<\/strong>\u00a0tanto en Brasil como en Costa Rica. Fueron varios proyectos internos, promoci\u00f3n de servicios y campa\u00f1as creadas, siempre siguiendo estrictamente las normas del\u00a0<strong>Libro de marca<\/strong>\u00a0para reforzar su identidad.<\/p>\t\t\t\t\t\t\t\t<\/div>\n\t\t\t\t<\/div>\n\t\t\t\t<div class=\"elementor-element elementor-element-c1264a3 elementor-widget elementor-widget-image\" data-id=\"c1264a3\" data-element_type=\"widget\" data-e-type=\"widget\" data-widget_type=\"image.default\">\n\t\t\t\t<div class=\"elementor-widget-container\">\n\t\t\t\t\t\t\t\t\t\t\t\t\t\t\t<img loading=\"lazy\" decoding=\"async\" width=\"1000\" height=\"300\" src=\"https:\/\/latte.com.br\/wp-content\/uploads\/2021\/05\/latte-internacional-franca.jpg\" class=\"attachment-full size-full wp-image-2172\" alt=\"\" srcset=\"https:\/\/latte.com.br\/wp-content\/uploads\/2021\/05\/latte-internacional-franca.jpg 1000w, https:\/\/latte.com.br\/wp-content\/uploads\/2021\/05\/latte-internacional-franca-300x90.jpg 300w, https:\/\/latte.com.br\/wp-content\/uploads\/2021\/05\/latte-internacional-franca-768x230.jpg 768w\" sizes=\"(max-width: 1000px) 100vw, 1000px\" title=\"\">\t\t\t\t\t\t\t\t\t\t\t\t\t\t\t<\/div>\n\t\t\t\t<\/div>\n\t\t\t\t<div class=\"elementor-element elementor-element-a82e07f elementor-widget elementor-widget-text-editor\" data-id=\"a82e07f\" data-element_type=\"widget\" data-e-type=\"widget\" data-widget_type=\"text-editor.default\">\n\t\t\t\t<div class=\"elementor-widget-container\">\n\t\t\t\t\t\t\t\t\t<p><strong>Francia 2020 \u2013 Proyecto de branding para una empresa francesa centrada en Residuo Cero (confidencial)<\/strong><\/p><p>En la fase en solitario, cre\u00e9 el <b>estrategia, denominaci\u00f3n<\/b> <b>y marca<\/b> para una nueva empresa de productos Zero Waste en La Ciotat, Francia. Fue un gran desaf\u00edo, tanto porque no hablo franc\u00e9s como porque era nuevo profundizar en un tema nuevo para m\u00ed: el mercado del Residuo Cero en Europa. Fue realmente genial, incluyendo algunos conceptos de Zero Waste que termin\u00e9 incorporando a mi vida diaria. La empresa est\u00e1 en desarrollo, por lo que por ahora no podr\u00e9 mostrarla aqu\u00ed.<\/p>\t\t\t\t\t\t\t\t<\/div>\n\t\t\t\t<\/div>\n\t\t\t\t<div class=\"elementor-element elementor-element-53464da elementor-widget elementor-widget-image\" data-id=\"53464da\" data-element_type=\"widget\" data-e-type=\"widget\" data-widget_type=\"image.default\">\n\t\t\t\t<div class=\"elementor-widget-container\">\n\t\t\t\t\t\t\t\t\t\t\t\t\t\t\t<img loading=\"lazy\" decoding=\"async\" width=\"1000\" height=\"300\" src=\"https:\/\/latte.com.br\/wp-content\/uploads\/2021\/05\/latte-internacional-eua.jpg\" class=\"attachment-full size-full wp-image-2171\" alt=\"\" srcset=\"https:\/\/latte.com.br\/wp-content\/uploads\/2021\/05\/latte-internacional-eua.jpg 1000w, https:\/\/latte.com.br\/wp-content\/uploads\/2021\/05\/latte-internacional-eua-300x90.jpg 300w, https:\/\/latte.com.br\/wp-content\/uploads\/2021\/05\/latte-internacional-eua-768x230.jpg 768w\" sizes=\"(max-width: 1000px) 100vw, 1000px\" title=\"\">\t\t\t\t\t\t\t\t\t\t\t\t\t\t\t<\/div>\n\t\t\t\t<\/div>\n\t\t\t\t<div class=\"elementor-element elementor-element-6a9f1d2 elementor-widget elementor-widget-text-editor\" data-id=\"6a9f1d2\" data-element_type=\"widget\" data-e-type=\"widget\" data-widget_type=\"text-editor.default\">\n\t\t\t\t<div class=\"elementor-widget-container\">\n\t\t\t\t\t\t\t\t\t<p><strong>Estados Unidos 2020 \u2013 Kiddo Gourmet<\/strong><\/p><p>\u00a1Este proyecto fue tan lindo! Realic\u00e9 estrategia y creaci\u00f3n de marca para una empresa de comidas infantiles en Florida. Como los socios son brasile\u00f1os y tambi\u00e9n forman parte de su p\u00fablico objetivo, trajimos como personaje al oso hormiguero llamado Berry, que es el \u201cchef\u201d y al mismo tiempo el \u201cfoodie\u201d.<\/p>\t\t\t\t\t\t\t\t<\/div>\n\t\t\t\t<\/div>\n\t\t\t\t<div class=\"elementor-element elementor-element-6d28107 elementor-widget elementor-widget-image\" data-id=\"6d28107\" data-element_type=\"widget\" data-e-type=\"widget\" data-widget_type=\"image.default\">\n\t\t\t\t<div class=\"elementor-widget-container\">\n\t\t\t\t\t\t\t\t\t\t\t\t\t\t\t<img loading=\"lazy\" decoding=\"async\" width=\"1000\" height=\"300\" src=\"https:\/\/latte.com.br\/wp-content\/uploads\/2021\/05\/latte-internacional-polonia.jpg\" class=\"attachment-full size-full wp-image-2173\" alt=\"\" srcset=\"https:\/\/latte.com.br\/wp-content\/uploads\/2021\/05\/latte-internacional-polonia.jpg 1000w, https:\/\/latte.com.br\/wp-content\/uploads\/2021\/05\/latte-internacional-polonia-300x90.jpg 300w, https:\/\/latte.com.br\/wp-content\/uploads\/2021\/05\/latte-internacional-polonia-768x230.jpg 768w\" sizes=\"(max-width: 1000px) 100vw, 1000px\" title=\"\">\t\t\t\t\t\t\t\t\t\t\t\t\t\t\t<\/div>\n\t\t\t\t<\/div>\n\t\t\t\t<div class=\"elementor-element elementor-element-f22eb2b elementor-widget elementor-widget-text-editor\" data-id=\"f22eb2b\" data-element_type=\"widget\" data-e-type=\"widget\" data-widget_type=\"text-editor.default\">\n\t\t\t\t<div class=\"elementor-widget-container\">\n\t\t\t\t\t\t\t\t\t<p><strong>Polonia 2022 \u2013 Instituto One Humanity<\/strong><\/p><p>Estoy desarrollando el sitio web para una ONG en Polonia llamada One Humanity Institute, donde est\u00e1n promoviendo un movimiento de unidad comunitaria para revertir la oscura imagen del pasado de Auschmitz. Lanzamiento previsto: principios de 2022.<\/p>\t\t\t\t\t\t\t\t<\/div>\n\t\t\t\t<\/div>\n\t\t\t\t\t<\/div>\n\t\t<\/div>\n\t\t\t\t\t<\/div>\n\t\t<\/section>\n\t\t\t\t<\/div>","protected":false},"excerpt":{"rendered":"<p>En nuestra historia, hemos tenido oportunidades realmente interesantes de exhibir y crear proyectos m\u00e1s all\u00e1 de las fronteras brasile\u00f1as.<\/p>","protected":false},"author":1,"featured_media":2253,"comment_status":"open","ping_status":"open","sticky":false,"template":"","format":"standard","meta":{"footnotes":""},"categories":[11],"tags":[],"class_list":["post-2013","post","type-post","status-publish","format-standard","has-post-thumbnail","hentry","category-vitamina"],"_links":{"self":[{"href":"https:\/\/latte.com.br\/es\/wp-json\/wp\/v2\/posts\/2013","targetHints":{"allow":["GET"]}}],"collection":[{"href":"https:\/\/latte.com.br\/es\/wp-json\/wp\/v2\/posts"}],"about":[{"href":"https:\/\/latte.com.br\/es\/wp-json\/wp\/v2\/types\/post"}],"author":[{"embeddable":true,"href":"https:\/\/latte.com.br\/es\/wp-json\/wp\/v2\/users\/1"}],"replies":[{"embeddable":true,"href":"https:\/\/latte.com.br\/es\/wp-json\/wp\/v2\/comments?post=2013"}],"version-history":[{"count":28,"href":"https:\/\/latte.com.br\/es\/wp-json\/wp\/v2\/posts\/2013\/revisions"}],"predecessor-version":[{"id":3700,"href":"https:\/\/latte.com.br\/es\/wp-json\/wp\/v2\/posts\/2013\/revisions\/3700"}],"wp:featuredmedia":[{"embeddable":true,"href":"https:\/\/latte.com.br\/es\/wp-json\/wp\/v2\/media\/2253"}],"wp:attachment":[{"href":"https:\/\/latte.com.br\/es\/wp-json\/wp\/v2\/media?parent=2013"}],"wp:term":[{"taxonomy":"category","embeddable":true,"href":"https:\/\/latte.com.br\/es\/wp-json\/wp\/v2\/categories?post=2013"},{"taxonomy":"post_tag","embeddable":true,"href":"https:\/\/latte.com.br\/es\/wp-json\/wp\/v2\/tags?post=2013"}],"curies":[{"name":"gracias","href":"https:\/\/api.w.org\/{rel}","templated":true}]}}