{"id":2014,"date":"2021-05-30T18:34:16","date_gmt":"2021-05-30T21:34:16","guid":{"rendered":"https:\/\/latte.com.br\/?p=2014"},"modified":"2025-08-01T20:33:03","modified_gmt":"2025-08-01T23:33:03","slug":"por-que-latte-saiba-como-foi-a-criacao-de-naming","status":"publish","type":"post","link":"https:\/\/latte.com.br\/es\/por-que-latte-saiba-como-foi-a-criacao-de-naming\/","title":{"rendered":"\u00bfPor qu\u00e9 caf\u00e9 con leche? Descubra c\u00f3mo se cre\u00f3 el naming"},"content":{"rendered":"<div data-elementor-type=\"wp-post\" data-elementor-id=\"2014\" class=\"elementor elementor-2014\" data-elementor-post-type=\"post\">\n\t\t\t\t\t\t<section class=\"elementor-section elementor-top-section elementor-element elementor-element-ff5396d elementor-section-boxed elementor-section-height-default elementor-section-height-default\" data-id=\"ff5396d\" data-element_type=\"section\" data-e-type=\"section\">\n\t\t\t\t\t\t<div class=\"elementor-container elementor-column-gap-default\">\n\t\t\t\t\t<div class=\"elementor-column elementor-col-100 elementor-top-column elementor-element elementor-element-0a155cd\" data-id=\"0a155cd\" data-element_type=\"column\" data-e-type=\"column\">\n\t\t\t<div class=\"elementor-widget-wrap elementor-element-populated\">\n\t\t\t\t\t\t<div class=\"elementor-element elementor-element-79da791 elementor-widget elementor-widget-text-editor\" data-id=\"79da791\" data-element_type=\"widget\" data-e-type=\"widget\" data-widget_type=\"text-editor.default\">\n\t\t\t\t<div class=\"elementor-widget-container\">\n\t\t\t\t\t\t\t\t\t<p>Algunos clientes y socios me preguntan: \u00bfpor qu\u00e9 Latte? Para satisfacer tu curiosidad, te explicar\u00e9 c\u00f3mo se cre\u00f3 la <strong>nombrar<\/strong> de la agencia, cuyo proceso puede servir de referencia para cualquier empresa.<\/p><p><strong style=\"font-family: inherit; font-size: 13px; letter-spacing: 2px; text-transform: uppercase;\">\u00a0<\/strong><\/p><h3>\u00bfQuienes somos?<\/h3><p>Antes de comenzar un\u00a0<strong>idea genial<\/strong> De los posibles nombres, era importante reflexionar sobre qui\u00e9n me gustar\u00eda ser. En 2009, mi conclusi\u00f3n fue:<\/p><ul><li>Ser una agencia flexible que puede crear diferentes tipos de proyectos, de todos los estilos.\u00a0<\/li><li>Seremos el socio del cliente, colaborando no s\u00f3lo con el dise\u00f1o sino tambi\u00e9n con la visi\u00f3n empresarial.<\/li><li>Somos j\u00f3venes, en\u00e9rgicos, sedientos de desaf\u00edos.<\/li><\/ul><p><strong style=\"font-family: inherit; font-size: 13px; letter-spacing: 2px; text-transform: uppercase;\">\u00a0<\/strong><\/p><h3>\u00bfPero c\u00f3mo est\u00e1 el mercado?<\/h3><p>Ahora es el momento de analizar a los competidores, en nuestro caso, los<strong>\u00a0agencias de dise\u00f1o<\/strong> y publicidad en Brasil, con mayor foco en S\u00e3o Paulo. Detect\u00e9 3 rutas de nombres muy obvias:<\/p><ul><li>Los s\u00faper geniales, sin v\u00ednculo directo con el dise\u00f1o donde algunos rayan en lo\u00a0<em>disparates<\/em>;<\/li><li>Siglas o nombres propios;<\/li><li>Y los nombres m\u00e1s gen\u00e9ricos u obvios.<\/li><\/ul><p><strong>\u00a0<\/strong><\/p><h3>Idea genial<\/h3><p>oh\u00a0<strong>proceso de lluvia de ideas<\/strong>\u00a0Es muy libre y espont\u00e1neo. Como \u00e9sta es un \u00e1rea muy abierta en la creaci\u00f3n de nombres, los caminos que surgieron fueron: palabras vinculadas directamente al<strong>\u00a0dise\u00f1o<\/strong> o trabajo de agencia, palabras ligadas a la esencia o a la personalidad, adjetivos, met\u00e1foras, onomatopeyas, neologismos\u2026 \u00a1etc.!<\/p><p><strong style=\"font-family: inherit; font-size: 13px; letter-spacing: 2px; text-transform: uppercase;\">\u00a0<\/strong><\/p><h3>Naming, \u00a1la gran elecci\u00f3n!\u00a0<\/h3><p>Entre decenas de opciones, eleg\u00ed <strong>Latt\u00e9<\/strong>. Latte significa leche en italiano. Tambi\u00e9n significa caf\u00e9 con leche. Explorando sus significados:<\/p><ul><li><strong>Leche: <\/strong>Alimento nutritivo, b\u00e1sico y neutro.<\/li><li><strong>Caf\u00e9: <\/strong>energ\u00eda, fuerza, personalidad.<\/li><\/ul><p>\u00a0<\/p><p>Refinando el concepto de nombre: somos una\u00a0<strong>agencia multidisciplinaria<\/strong>\u00a0neutral, que junto a los \u201cingredientes\u201d del cliente (esencia, posicionamiento, productos o servicios, etc.), nos transformamos y generamos cualquier \u201creceta\u201d (proyecto):\u00a0<strong>branding, impresi\u00f3n, digital, se\u00f1alizaci\u00f3n, embalaje,<\/strong> desde los m\u00e1s cool hasta los m\u00e1s conservadores, de cualquier \u00e1rea de actividad del mercado. \u00a1Un equipo muy flexible y en\u00e9rgico!<\/p><p>Otros detalles t\u00e9cnicos importantes:<\/p><ul><li>Sea un nombre corto, f\u00e1cil de decir y escribir;<\/li><li>Logramos registrar un dominio (URL) f\u00e1cilmente;<\/li><li>No existe en el INPI ninguna empresa con igual o similar denominaci\u00f3n en la misma categor\u00eda de actividad;<\/li><li>No aparece ninguna empresa con el mismo nombre y \u00e1rea de actividad en la b\u00fasqueda general en Google, Bing, etc.<\/li><\/ul><p>\u00a0<\/p><p>\u00a1Perfecto! \u00a1As\u00ed surgi\u00f3 el nombre de la agencia!<\/p><p>Espero que te haya inspirado a crear el nombre de tu nueva empresa o proyecto. O tal vez incluso revise el nombre actual que usa. Si necesitas ayuda, \u00a1puedes contar conmigo!<\/p>\t\t\t\t\t\t\t\t<\/div>\n\t\t\t\t<\/div>\n\t\t\t\t\t<\/div>\n\t\t<\/div>\n\t\t\t\t\t<\/div>\n\t\t<\/section>\n\t\t\t\t<\/div>","protected":false},"excerpt":{"rendered":"<p>En este post explicar\u00e9 c\u00f3mo se cre\u00f3 la agencia, cuyo proceso puede servir de referencia para cualquier empresa.<\/p>","protected":false},"author":1,"featured_media":1987,"comment_status":"open","ping_status":"open","sticky":false,"template":"","format":"standard","meta":{"footnotes":""},"categories":[11],"tags":[],"class_list":["post-2014","post","type-post","status-publish","format-standard","has-post-thumbnail","hentry","category-vitamina"],"_links":{"self":[{"href":"https:\/\/latte.com.br\/es\/wp-json\/wp\/v2\/posts\/2014","targetHints":{"allow":["GET"]}}],"collection":[{"href":"https:\/\/latte.com.br\/es\/wp-json\/wp\/v2\/posts"}],"about":[{"href":"https:\/\/latte.com.br\/es\/wp-json\/wp\/v2\/types\/post"}],"author":[{"embeddable":true,"href":"https:\/\/latte.com.br\/es\/wp-json\/wp\/v2\/users\/1"}],"replies":[{"embeddable":true,"href":"https:\/\/latte.com.br\/es\/wp-json\/wp\/v2\/comments?post=2014"}],"version-history":[{"count":25,"href":"https:\/\/latte.com.br\/es\/wp-json\/wp\/v2\/posts\/2014\/revisions"}],"predecessor-version":[{"id":3709,"href":"https:\/\/latte.com.br\/es\/wp-json\/wp\/v2\/posts\/2014\/revisions\/3709"}],"wp:featuredmedia":[{"embeddable":true,"href":"https:\/\/latte.com.br\/es\/wp-json\/wp\/v2\/media\/1987"}],"wp:attachment":[{"href":"https:\/\/latte.com.br\/es\/wp-json\/wp\/v2\/media?parent=2014"}],"wp:term":[{"taxonomy":"category","embeddable":true,"href":"https:\/\/latte.com.br\/es\/wp-json\/wp\/v2\/categories?post=2014"},{"taxonomy":"post_tag","embeddable":true,"href":"https:\/\/latte.com.br\/es\/wp-json\/wp\/v2\/tags?post=2014"}],"curies":[{"name":"gracias","href":"https:\/\/api.w.org\/{rel}","templated":true}]}}