{"id":2183,"date":"2022-02-02T17:17:43","date_gmt":"2022-02-02T20:17:43","guid":{"rendered":"https:\/\/latte.com.br\/?p=2183"},"modified":"2025-08-01T20:29:30","modified_gmt":"2025-08-01T23:29:30","slug":"por-que-a-latte-deixou-de-ser-agencia-para-seguir-com-carreira-solo","status":"publish","type":"post","link":"https:\/\/latte.com.br\/es\/por-que-a-latte-deixou-de-ser-agencia-para-seguir-com-carreira-solo\/","title":{"rendered":"\u00bfPor qu\u00e9 Latte dej\u00f3 de ser agencia para seguir una carrera en solitario?"},"content":{"rendered":"<div data-elementor-type=\"wp-post\" data-elementor-id=\"2183\" class=\"elementor elementor-2183\" data-elementor-post-type=\"post\">\n\t\t\t\t\t\t<section class=\"elementor-section elementor-top-section elementor-element elementor-element-f38c43f elementor-section-boxed elementor-section-height-default elementor-section-height-default\" data-id=\"f38c43f\" data-element_type=\"section\" data-e-type=\"section\">\n\t\t\t\t\t\t<div class=\"elementor-container elementor-column-gap-default\">\n\t\t\t\t\t<div class=\"elementor-column elementor-col-100 elementor-top-column elementor-element elementor-element-0fe591e\" data-id=\"0fe591e\" data-element_type=\"column\" data-e-type=\"column\">\n\t\t\t<div class=\"elementor-widget-wrap elementor-element-populated\">\n\t\t\t\t\t\t<div class=\"elementor-element elementor-element-3b95018 elementor-widget elementor-widget-text-editor\" data-id=\"3b95018\" data-element_type=\"widget\" data-e-type=\"widget\" data-widget_type=\"text-editor.default\">\n\t\t\t\t<div class=\"elementor-widget-container\">\n\t\t\t\t\t\t\t\t\t<h3>\u00bfEstaba la empresa en mal estado? \u00bfFue la pandemia? \u00bfCrisis? \u00a1Nada de eso!<\/h3><p>Cuando cumpl\u00ed 10 a\u00f1os, fue el momento en que decid\u00ed reflexionar profundamente sobre todo lo que hab\u00eda pasado y hacia d\u00f3nde quer\u00eda llegar. A la empresa le iba bien y, lo positivo, ten\u00eda buenos clientes. Pero me dio esa sensaci\u00f3n de estancamiento que odio.<\/p><h3>Aparte de eso, \u00bffuiste feliz?<\/h3><p>En estos 10 a\u00f1os, me encontr\u00e9 siendo desafiado todo el tiempo, no s\u00f3lo en c\u00f3mo resolver los problemas diarios de la agencia, sino que me sent\u00ed llamado a ser inspirador y ejemplar para los clientes y el equipo. Se propuso trabajar m\u00e1s que los dem\u00e1s, tener menos vacaciones que los dem\u00e1s, ser comprensiva y al mismo tiempo en\u00e9rgica para tratar de mantener al equipo entusiasmado con su trabajo. Siempre trat\u00e9 de estar bien arreglado, con una postura firme sin importar lo que pasara para no mostrar debilidad. Dej\u00e9 de trabajar en lo que m\u00e1s me gustaba (creaci\u00f3n) y me concentr\u00e9 en resolver todos los dem\u00e1s \u201cpepinos\u201d. Sab\u00eda que a mis espaldas me criticaban duramente, a menudo superficialmente, por el simple \u201cdeporte\u201d de hablar mal de mi jefe. Y me desesper\u00e9 cada vez m\u00e1s por escapar de todo esto.<\/p><p>No significa que todo fuera tan malo. Por la agencia pas\u00f3 gente incre\u00edble, con la cual estoy muy feliz de haber trabajado, y tuvimos grandes logros como ganar premios y concursos de multinacionales.<\/p><h3>Entonces, \u00bfcu\u00e1l ser\u00eda la mejor soluci\u00f3n?<\/h3><p>La soluci\u00f3n fue disolver la estructura de la agencia para seguir una carrera en solitario. Los \u201cpepinos\u201d todav\u00eda existen, pero se han reducido a 10% de mi tiempo. Por lo dem\u00e1s, creo, \u00a1y creo mucho! Y puedo lograr avances significativos en t\u00e9rminos de calidad.<\/p><p>Aparte de eso, hubo tiempo para aprender cosas nuevas. Animaci\u00f3n, fotograf\u00eda, ilustraci\u00f3n\u2026 Estoy probando mucho, y esto es muy enriquecedor.<\/p><h3>\u00bfPero qu\u00e9 pensar\u00e1n de Latte? \u00bfVan a pensar que cerr\u00f3 o quebr\u00f3?<\/h3><p>Al principio esto me preocup\u00f3 mucho. En el transcurso de 2 a\u00f1os, vi que preocuparme demasiado por las opiniones de otras personas no aportaba nada. Y con mi experiencia pude ganar y conservar algunos buenos clientes.<\/p><p>Y aunque parezca mentira: \u00a1gano m\u00e1s! Esto se debe a que los gastos operativos se han reducido dr\u00e1sticamente y mi productividad es bastante eficiente.<\/p><h3>\u00a1Finalmente libre para volar!<\/h3><p><strong>\u00a0<\/strong>La pandemia ha demostrado que podemos trabajar en remoto y que hay que repensar muchos h\u00e1bitos laborales. Al normalizar las reuniones en l\u00ednea, vi que es posible trabajar desde cualquier parte del mundo siempre que tengas Internet.<\/p><p>Entonces, a finales del 2021 inici\u00e9 el proyecto Latte Abroad, que consiste en trabajar desde cualquier parte del mundo con el fin de ampliar conocimientos sobre el mercado y el dise\u00f1o.<\/p><p>Lea el post sobre el proyecto, haga clic aqu\u00ed.<\/p><h3>Conclusi\u00f3n<\/h3><p>No me arrepiento de nada de lo que pas\u00f3 en estos 12 a\u00f1os. Cosecho grandes recompensas de todo el esfuerzo y el viaje con la agencia, lo que me dio m\u00e1s tranquilidad para emprender este viaje solo.<\/p><p>Ahora me siento libre de ser lo que tiene m\u00e1s sentido en este momento y de poder ofrecer proyectos a\u00fan mejores a los clientes.<br \/><br \/><\/p><p><b>Silvia Kia<\/b><br \/>Fundador de Dise\u00f1o Latte<\/p>\t\t\t\t\t\t\t\t<\/div>\n\t\t\t\t<\/div>\n\t\t\t\t\t<\/div>\n\t\t<\/div>\n\t\t\t\t\t<\/div>\n\t\t<\/section>\n\t\t\t\t<\/div>","protected":false},"excerpt":{"rendered":"<p>\u00bfEstaba la empresa en mal estado? \u00bfCrisis? \u00a1Nada de eso! Aqu\u00ed en este post les cuento un poco sobre la decisi\u00f3n de cambiar radicalmente Latte Design, los principales motivos y mi nuevo viaje.<\/p>","protected":false},"author":1,"featured_media":2215,"comment_status":"closed","ping_status":"open","sticky":false,"template":"","format":"standard","meta":{"footnotes":""},"categories":[11],"tags":[],"class_list":["post-2183","post","type-post","status-publish","format-standard","has-post-thumbnail","hentry","category-vitamina"],"_links":{"self":[{"href":"https:\/\/latte.com.br\/es\/wp-json\/wp\/v2\/posts\/2183","targetHints":{"allow":["GET"]}}],"collection":[{"href":"https:\/\/latte.com.br\/es\/wp-json\/wp\/v2\/posts"}],"about":[{"href":"https:\/\/latte.com.br\/es\/wp-json\/wp\/v2\/types\/post"}],"author":[{"embeddable":true,"href":"https:\/\/latte.com.br\/es\/wp-json\/wp\/v2\/users\/1"}],"replies":[{"embeddable":true,"href":"https:\/\/latte.com.br\/es\/wp-json\/wp\/v2\/comments?post=2183"}],"version-history":[{"count":37,"href":"https:\/\/latte.com.br\/es\/wp-json\/wp\/v2\/posts\/2183\/revisions"}],"predecessor-version":[{"id":3691,"href":"https:\/\/latte.com.br\/es\/wp-json\/wp\/v2\/posts\/2183\/revisions\/3691"}],"wp:featuredmedia":[{"embeddable":true,"href":"https:\/\/latte.com.br\/es\/wp-json\/wp\/v2\/media\/2215"}],"wp:attachment":[{"href":"https:\/\/latte.com.br\/es\/wp-json\/wp\/v2\/media?parent=2183"}],"wp:term":[{"taxonomy":"category","embeddable":true,"href":"https:\/\/latte.com.br\/es\/wp-json\/wp\/v2\/categories?post=2183"},{"taxonomy":"post_tag","embeddable":true,"href":"https:\/\/latte.com.br\/es\/wp-json\/wp\/v2\/tags?post=2183"}],"curies":[{"name":"gracias","href":"https:\/\/api.w.org\/{rel}","templated":true}]}}